{"id":717,"date":"2020-08-28T21:25:13","date_gmt":"2020-08-28T21:25:13","guid":{"rendered":"http:\/\/cvjm-ratingen.de\/?p=717"},"modified":"2020-08-28T21:33:31","modified_gmt":"2020-08-28T21:33:31","slug":"wer-radelt-mit-fuer-umwelt-und-cvjm","status":"publish","type":"post","link":"http:\/\/cvjm-ratingen.de\/?p=717","title":{"rendered":"Wer radelt mit? F\u00fcr Umwelt und CVJM!"},"content":{"rendered":"<h3>Liebe Freunde und Mitglieder des CVJM-Ratingen,<\/h3>\n<p>vom <strong>06. bis zum 26. September 2020<\/strong> nimmt Ratingen an der j\u00e4hrlichen Aktion \u201eStadtradeln\u201c teil.\u00a0 Bei dieser Aktion geht es darum, dass<\/p>\n<ul>\n<li>m\u00f6glichst viele B\u00fcrger \/ Vereine \/ Institutionen der Stadt<img loading=\"lazy\" decoding=\"async\" class=\"alignright size-full wp-image-723\" src=\"http:\/\/cvjm-ratingen.de\/wp-content\/uploads\/2020\/08\/Radeln.png\" alt=\"\" width=\"350\" height=\"278\" srcset=\"http:\/\/cvjm-ratingen.de\/wp-content\/uploads\/2020\/08\/Radeln.png 350w, http:\/\/cvjm-ratingen.de\/wp-content\/uploads\/2020\/08\/Radeln-300x238.png 300w\" sizes=\"auto, (max-width: 350px) 100vw, 350px\" \/><\/li>\n<li>21 Tage lang m\u00f6glichst viele Alltagswege<\/li>\n<\/ul>\n<p>klimafreundlich mit dem Fahrrad zur\u00fcckzulegen. Dabei ist es egal, ob Ihr jeden Tag fahrt oder nur selten mit dem Rad unterwegs seid. Jeder Kilometer z\u00e4hlt \u2013 erst recht, wenn er sonst mit dem Auto zur\u00fcckgelegt worden w\u00e4re. Es macht nat\u00fcrlich mehr Spa\u00df, wenn wir dies in einer gemeinschaftlichen Aktion machen.\u00a0 Also habe ich habe das Team CVJM Ratingen zum Stadtradeln 2020 angemeldet. Damit ich die Kilometer nicht alleine sammle, lade ich Euch herzlich zum <strong>Mitradeln und Kilometersammeln<\/strong> ein!<\/p>\n<p><strong>Das Ganze funktioniert so:<\/strong><br \/>\nWer teilnehmen m\u00f6chte, tritt im Internet bei der Stadtradeln-Seite dem Team \u201eCVJM Ratingen\u201c bei.<br \/>\nIm Aktionszeitraum vom 06.09.2020 bis einschlie\u00dflich 26.09.2020 gebt Ihr an, wieviele Kilometer Ihr t\u00e4glich geradelt seid. Diese Eingabe m\u00fcsst Ihr nicht t\u00e4glich machen; Ihr k\u00f6nnt auch mehrere Tage \u201enachtragen\u201c. Je mehr Kilometer ein Team zusammenbekommt, desto besser. Dabei kann die Anmeldung auch so erfolgen, dass die anderen Teammitglieder nicht sehen, wer hinter den Kilometern steckt.<\/p>\n<p><strong><a href=\"https:\/\/www.stadtradeln.de\/darum-geht-es\"><span style=\"text-decoration: underline;\"><span style=\"color: #ff0000; text-decoration: underline;\">N\u00e4here Informationen<\/span><\/span><\/a><\/strong> zum Stadtradeln erhaltet Ihr im Internet. Und wer teilnehmen m\u00f6chte, den lade ich mit <span style=\"text-decoration: underline;\"><a href=\"https:\/\/www.stadtradeln.de\/index.php?&amp;id=171&amp;team_preselect=439047\"><strong><span style=\"color: #ff0000; text-decoration: underline;\">diesem Link<\/span><\/strong><\/a><\/span> ein.<\/p>\n<p>Wenn Ihr diesem Link folgt, gelangt Ihr zur Internetseite des Stadtradelns. Hier ist die Auswahl des Bundeslandes und der Stadt bereits vorausgew\u00e4hlt und Ihr m\u00fcsst lediglich auf weiter klicken.\u00a0 Mit dem zweiten Schritt tretet Ihr dem vorhandenen Team CVJM-Ratingen bei, auch dies ist bereits voreingestellt und ihr k\u00f6nnt wieder auf weiter klicken. Nun m\u00fcsst Ihr Euch registrieren und Eure pers\u00f6nlichen Daten eingeben. Mit weiter gelangt Ihr zum letzten Schritt der Best\u00e4tigung von Datenschutz und Spielregeln.<\/p>\n<p>Ich w\u00fcnsche uns allen gutes Radeln und viel Erfolg! Bleibt gesund!<\/p>\n<p>Liebe Gr\u00fc\u00dfe<br \/>\nIngfried Hertrampf<\/p>\n","protected":false},"excerpt":{"rendered":"<p>Liebe Freunde und Mitglieder des CVJM-Ratingen, vom 06. bis zum 26. September 2020 nimmt Ratingen an der j\u00e4hrlichen Aktion \u201eStadtradeln\u201c teil.\u00a0 Bei dieser Aktion geht es darum, dass m\u00f6glichst viele B\u00fcrger \/ Vereine \/ Institutionen der Stadt 21 Tage lang m\u00f6glichst viele Alltagswege klimafreundlich mit dem Fahrrad zur\u00fcckzulegen. Dabei ist es egal, ob Ihr jeden [&hellip;]<\/p>\n","protected":false},"author":1,"featured_media":0,"comment_status":"closed","ping_status":"open","sticky":false,"template":"","format":"standard","meta":{"footnotes":""},"categories":[1],"tags":[],"class_list":["post-717","post","type-post","status-publish","format-standard","hentry","category-uncategorized"],"_links":{"self":[{"href":"http:\/\/cvjm-ratingen.de\/index.php?rest_route=\/wp\/v2\/posts\/717","targetHints":{"allow":["GET"]}}],"collection":[{"href":"http:\/\/cvjm-ratingen.de\/index.php?rest_route=\/wp\/v2\/posts"}],"about":[{"href":"http:\/\/cvjm-ratingen.de\/index.php?rest_route=\/wp\/v2\/types\/post"}],"author":[{"embeddable":true,"href":"http:\/\/cvjm-ratingen.de\/index.php?rest_route=\/wp\/v2\/users\/1"}],"replies":[{"embeddable":true,"href":"http:\/\/cvjm-ratingen.de\/index.php?rest_route=%2Fwp%2Fv2%2Fcomments&post=717"}],"version-history":[{"count":6,"href":"http:\/\/cvjm-ratingen.de\/index.php?rest_route=\/wp\/v2\/posts\/717\/revisions"}],"predecessor-version":[{"id":724,"href":"http:\/\/cvjm-ratingen.de\/index.php?rest_route=\/wp\/v2\/posts\/717\/revisions\/724"}],"wp:attachment":[{"href":"http:\/\/cvjm-ratingen.de\/index.php?rest_route=%2Fwp%2Fv2%2Fmedia&parent=717"}],"wp:term":[{"taxonomy":"category","embeddable":true,"href":"http:\/\/cvjm-ratingen.de\/index.php?rest_route=%2Fwp%2Fv2%2Fcategories&post=717"},{"taxonomy":"post_tag","embeddable":true,"href":"http:\/\/cvjm-ratingen.de\/index.php?rest_route=%2Fwp%2Fv2%2Ftags&post=717"}],"curies":[{"name":"wp","href":"https:\/\/api.w.org\/{rel}","templated":true}]}}