{"id":870,"date":"2023-12-10T13:11:00","date_gmt":"2023-12-10T13:11:00","guid":{"rendered":"http:\/\/cvjm-ratingen.de\/?p=870"},"modified":"2023-12-10T13:14:09","modified_gmt":"2023-12-10T13:14:09","slug":"weihnachten-in-gemeinschaft-feiern","status":"publish","type":"post","link":"http:\/\/cvjm-ratingen.de\/?p=870","title":{"rendered":"Weihnachten in Gemeinschaft feiern"},"content":{"rendered":"<p>In den letzten Jahren konnte unsere traditionelle Alleinstehenden-Weihnachtsfeier aufgrund der Pandemie nicht in gewohnter Form stattfinden. Es ist uns eine Freude, in diesem Jahr wieder gemeinsam mit Ihnen feiern zu k\u00f6nnen.<\/p>\n<p>W<img loading=\"lazy\" decoding=\"async\" class=\"alignright wp-image-873 size-medium\" src=\"http:\/\/cvjm-ratingen.de\/wp-content\/uploads\/2023\/12\/Bahn-weihnachten-2-300x182.jpg\" alt=\"zeigt eine weihnachtlich geschm\u00fcckte Bahn\" width=\"300\" height=\"182\" srcset=\"http:\/\/cvjm-ratingen.de\/wp-content\/uploads\/2023\/12\/Bahn-weihnachten-2-300x182.jpg 300w, http:\/\/cvjm-ratingen.de\/wp-content\/uploads\/2023\/12\/Bahn-weihnachten-2-1024x622.jpg 1024w, http:\/\/cvjm-ratingen.de\/wp-content\/uploads\/2023\/12\/Bahn-weihnachten-2-768x467.jpg 768w, http:\/\/cvjm-ratingen.de\/wp-content\/uploads\/2023\/12\/Bahn-weihnachten-2-1536x933.jpg 1536w, http:\/\/cvjm-ratingen.de\/wp-content\/uploads\/2023\/12\/Bahn-weihnachten-2-2048x1245.jpg 2048w\" sizes=\"auto, (max-width: 300px) 100vw, 300px\" \/>ir laden alle alleinstehenden und einsamen Menschen herzlich zu unserer Weihnachtsfeier am Sonntag, den 24. Dezember 2023, ins evangelische Gemeindezentrum \u201eHaus am Turm\u201c, Angerstr. 11 in Ratingen-Mitte, ein.<br \/>\nDie Weihnachtsfeier beginnt um 15:30 Uhr. Nach der Begr\u00fc\u00dfung durch den CVJM erwartet Sie ein weihnachtliches Kaffeetrinken sowie ein abwechslungsreiches Programm und ein k\u00f6stliches Abendessen. Unsere vielen ehrenamtlichen Helfer k\u00fcmmern sich um Ihr Wohl.<\/p>\n<p>Wenn auch Sie an der Alleinstehenden Weihnachtsfeier teilnehmen m\u00f6chten, k\u00f6nnen Sie sich formlos schriftlich (Anmeldung an den CVJM Ratingen e. V., Gr\u00fctstr. 11, 40878 Ratingen) oder telefonisch (Telefon 22836, Anrufbeantworter, oder Telefon 27529, Familie Weck) anmelden.<br \/>\nG\u00e4ste, die von zu Hause abgeholt und\/oder abends zur\u00fcckgebracht werden m\u00f6chten, teilen uns dies bitte mit. Ein Fahrdienst ist eingerichtet.<br \/>\nNat\u00fcrlich sind auch Kurzentschlossene ohne Anmeldung herzlich willkommen.<\/p>\n<p>Der Christliche Verein Junger Menschen e.V. freut sich \u00fcber jede kleine und gro\u00dfe Spende, die ein solches Fest erst erm\u00f6glicht. Auf Wunsch stellen wir Ihnen gerne eine Spendenbescheinigung aus.<\/p>\n<p style=\"padding-left: 40px;\">Konto des CVJM Ratingen e.V. bei der Sparkasse HRV<br \/>\nIBAN: DE29 3345 0000 0042 1391 88<br \/>\nBIC: WELADED1VEL<\/p>\n<p>Der CVJM Ratingen e.V. w\u00fcnscht Ihnen eine besinnliche Adventszeit.<\/p>\n","protected":false},"excerpt":{"rendered":"<p>In den letzten Jahren konnte unsere traditionelle Alleinstehenden-Weihnachtsfeier aufgrund der Pandemie nicht in gewohnter Form stattfinden. Es ist uns eine Freude, in diesem Jahr wieder gemeinsam mit Ihnen feiern zu k\u00f6nnen. Wir laden alle alleinstehenden und einsamen Menschen herzlich zu unserer Weihnachtsfeier am Sonntag, den 24. Dezember 2023, ins evangelische Gemeindezentrum \u201eHaus am Turm\u201c, Angerstr. [&hellip;]<\/p>\n","protected":false},"author":1,"featured_media":0,"comment_status":"closed","ping_status":"open","sticky":false,"template":"","format":"standard","meta":{"footnotes":""},"categories":[1],"tags":[],"class_list":["post-870","post","type-post","status-publish","format-standard","hentry","category-uncategorized"],"_links":{"self":[{"href":"http:\/\/cvjm-ratingen.de\/index.php?rest_route=\/wp\/v2\/posts\/870","targetHints":{"allow":["GET"]}}],"collection":[{"href":"http:\/\/cvjm-ratingen.de\/index.php?rest_route=\/wp\/v2\/posts"}],"about":[{"href":"http:\/\/cvjm-ratingen.de\/index.php?rest_route=\/wp\/v2\/types\/post"}],"author":[{"embeddable":true,"href":"http:\/\/cvjm-ratingen.de\/index.php?rest_route=\/wp\/v2\/users\/1"}],"replies":[{"embeddable":true,"href":"http:\/\/cvjm-ratingen.de\/index.php?rest_route=%2Fwp%2Fv2%2Fcomments&post=870"}],"version-history":[{"count":6,"href":"http:\/\/cvjm-ratingen.de\/index.php?rest_route=\/wp\/v2\/posts\/870\/revisions"}],"predecessor-version":[{"id":877,"href":"http:\/\/cvjm-ratingen.de\/index.php?rest_route=\/wp\/v2\/posts\/870\/revisions\/877"}],"wp:attachment":[{"href":"http:\/\/cvjm-ratingen.de\/index.php?rest_route=%2Fwp%2Fv2%2Fmedia&parent=870"}],"wp:term":[{"taxonomy":"category","embeddable":true,"href":"http:\/\/cvjm-ratingen.de\/index.php?rest_route=%2Fwp%2Fv2%2Fcategories&post=870"},{"taxonomy":"post_tag","embeddable":true,"href":"http:\/\/cvjm-ratingen.de\/index.php?rest_route=%2Fwp%2Fv2%2Ftags&post=870"}],"curies":[{"name":"wp","href":"https:\/\/api.w.org\/{rel}","templated":true}]}}