{"id":930,"date":"2025-12-06T11:27:04","date_gmt":"2025-12-06T11:27:04","guid":{"rendered":"http:\/\/cvjm-ratingen.de\/?p=930"},"modified":"2025-12-06T11:27:04","modified_gmt":"2025-12-06T11:27:04","slug":"gemeinsam-statt-einsam-2","status":"publish","type":"post","link":"http:\/\/cvjm-ratingen.de\/?p=930","title":{"rendered":"Gemeinsam statt einsam"},"content":{"rendered":"<p><img loading=\"lazy\" decoding=\"async\" class=\"alignright wp-image-933 size-medium\" src=\"http:\/\/cvjm-ratingen.de\/wp-content\/uploads\/2025\/12\/Weihnachten-CVJM-klein-212x300.jpg\" alt=\"Ein Weihnachtlich geschm\u00fccktes Dorf in sanften Schneefall mit fr\u00f6hlichen Menschen\" width=\"212\" height=\"300\" srcset=\"http:\/\/cvjm-ratingen.de\/wp-content\/uploads\/2025\/12\/Weihnachten-CVJM-klein-212x300.jpg 212w, http:\/\/cvjm-ratingen.de\/wp-content\/uploads\/2025\/12\/Weihnachten-CVJM-klein.jpg 350w\" sizes=\"auto, (max-width: 212px) 100vw, 212px\" \/><\/p>\n<p style=\"font-weight: 400;\">Wir freuen uns sehr, auch in diesem Jahr wieder alle\u00a0<strong>alleinstehenden und alleinlebenden Menschen<\/strong>\u00a0herzlich zu unserer Weihnachtsfeier des CVJM einzuladen!<\/p>\n<p style=\"font-weight: 400;\"><strong>Wann:<\/strong> Sonntag, 24. Dezember 2025, von 15:30 Uhr bis 19:30 Uhr<br \/>\n<strong>Wo:<\/strong>\u00a0Evangelisches Gemeindezentrum \u201eHaus am Turm\u201c, Angerstr. 11, Ratingen-Mitte<\/p>\n<p style=\"font-weight: 400;\">Sie erwartet ein liebevoll gestalteter Nachmittag: Nach einer herzlichen Begr\u00fc\u00dfung gibt es ein gem\u00fctliches weihnachtliches Kaffeetrinken, ein abwechslungsreiches Programm und sp\u00e4ter ein gemeinsames Abendessen. Unsere vielen ehrenamtlichen Helferinnen und Helfer sorgen daf\u00fcr, dass Sie sich wohlf\u00fchlen und einen sch\u00f6nen Heiligen Abend in Gemeinschaft erleben.<\/p>\n<p style=\"font-weight: 400;\">Wenn Sie teilnehmen m\u00f6chten, k\u00f6nnen Sie sich ganz unkompliziert schriftlich (CVJM Ratingen e. V., Gr\u00fctstr. 11, 40878 Ratingen) oder telefonisch (Telefon (02102) 22836 \/ Anrufbeantworter) anmelden.<br \/>\nSollten Sie eine Abholung oder einen Heimfahrdienst ben\u00f6tigen, geben Sie uns bitte Bescheid &#8211; wir k\u00fcmmern uns darum.<br \/>\nAuch spontane G\u00e4ste sind herzlich willkommen.<\/p>\n<p style=\"font-weight: 400;\">Der CVJM Ratingen e. V. freut sich \u00fcber jede Spende, die diese Feier unterst\u00fctzt. Auf Wunsch stellen wir Ihnen gerne eine Spendenbescheinigung aus.<\/p>\n<p style=\"font-weight: 400;\">Unsere Bankverbindung:<\/p>\n<ul>\n<li style=\"font-weight: 400;\">CVJM Ratingen<\/li>\n<li style=\"font-weight: 400;\">DE29 3345 0000 0042 1391 88<\/li>\n<\/ul>\n<p style=\"font-weight: 400;\">Wir w\u00fcnschen Ihnen von Herzen eine friedvolle und besinnliche Adventszeit!<\/p>\n<p style=\"font-weight: 400;\">\n","protected":false},"excerpt":{"rendered":"<p>Wir freuen uns sehr, auch in diesem Jahr wieder alle\u00a0alleinstehenden und alleinlebenden Menschen\u00a0herzlich zu unserer Weihnachtsfeier des CVJM einzuladen! Wann: Sonntag, 24. Dezember 2025, von 15:30 Uhr bis 19:30 Uhr Wo:\u00a0Evangelisches Gemeindezentrum \u201eHaus am Turm\u201c, Angerstr. 11, Ratingen-Mitte Sie erwartet ein liebevoll gestalteter Nachmittag: Nach einer herzlichen Begr\u00fc\u00dfung gibt es ein gem\u00fctliches weihnachtliches Kaffeetrinken, ein [&hellip;]<\/p>\n","protected":false},"author":1,"featured_media":0,"comment_status":"closed","ping_status":"open","sticky":false,"template":"","format":"standard","meta":{"footnotes":""},"categories":[1],"tags":[],"class_list":["post-930","post","type-post","status-publish","format-standard","hentry","category-uncategorized"],"_links":{"self":[{"href":"http:\/\/cvjm-ratingen.de\/index.php?rest_route=\/wp\/v2\/posts\/930","targetHints":{"allow":["GET"]}}],"collection":[{"href":"http:\/\/cvjm-ratingen.de\/index.php?rest_route=\/wp\/v2\/posts"}],"about":[{"href":"http:\/\/cvjm-ratingen.de\/index.php?rest_route=\/wp\/v2\/types\/post"}],"author":[{"embeddable":true,"href":"http:\/\/cvjm-ratingen.de\/index.php?rest_route=\/wp\/v2\/users\/1"}],"replies":[{"embeddable":true,"href":"http:\/\/cvjm-ratingen.de\/index.php?rest_route=%2Fwp%2Fv2%2Fcomments&post=930"}],"version-history":[{"count":3,"href":"http:\/\/cvjm-ratingen.de\/index.php?rest_route=\/wp\/v2\/posts\/930\/revisions"}],"predecessor-version":[{"id":934,"href":"http:\/\/cvjm-ratingen.de\/index.php?rest_route=\/wp\/v2\/posts\/930\/revisions\/934"}],"wp:attachment":[{"href":"http:\/\/cvjm-ratingen.de\/index.php?rest_route=%2Fwp%2Fv2%2Fmedia&parent=930"}],"wp:term":[{"taxonomy":"category","embeddable":true,"href":"http:\/\/cvjm-ratingen.de\/index.php?rest_route=%2Fwp%2Fv2%2Fcategories&post=930"},{"taxonomy":"post_tag","embeddable":true,"href":"http:\/\/cvjm-ratingen.de\/index.php?rest_route=%2Fwp%2Fv2%2Ftags&post=930"}],"curies":[{"name":"wp","href":"https:\/\/api.w.org\/{rel}","templated":true}]}}